{"id":2652,"date":"2020-07-20T05:13:40","date_gmt":"2020-07-20T05:13:40","guid":{"rendered":"http:\/\/aquelarre.uy\/cms\/?page_id=2652"},"modified":"2023-10-23T20:48:27","modified_gmt":"2023-10-23T20:48:27","slug":"que-camara-fotografica-compro-para-estudiar-fotografia","status":"publish","type":"post","link":"https:\/\/aquelarre.edu.uy\/cms\/2020\/07\/20\/que-camara-fotografica-compro-para-estudiar-fotografia\/","title":{"rendered":"\u00bfQUE C\u00c1MARA DE FOTOS COMPRAR?"},"content":{"rendered":"\t\t<div data-elementor-type=\"wp-page\" data-elementor-id=\"2652\" class=\"elementor elementor-2652\" data-elementor-post-type=\"post\">\n\t\t\t\t\t\t<section class=\"elementor-section elementor-top-section elementor-element elementor-element-4256647 elementor-section-boxed elementor-section-height-default elementor-section-height-default\" data-id=\"4256647\" data-element_type=\"section\" data-e-type=\"section\">\n\t\t\t\t\t\t<div class=\"elementor-container elementor-column-gap-default\">\n\t\t\t\t\t<div class=\"elementor-column elementor-col-100 elementor-top-column elementor-element elementor-element-6ce50ec\" data-id=\"6ce50ec\" data-element_type=\"column\" data-e-type=\"column\">\n\t\t\t<div class=\"elementor-widget-wrap elementor-element-populated\">\n\t\t\t\t\t\t<div class=\"elementor-element elementor-element-ef794f4 elementor-widget elementor-widget-heading\" data-id=\"ef794f4\" data-element_type=\"widget\" data-e-type=\"widget\" data-widget_type=\"heading.default\">\n\t\t\t\t<div class=\"elementor-widget-container\">\n\t\t\t\t\t<h1 class=\"elementor-heading-title elementor-size-default\">\u00bfQu\u00e9 c\u00e1mara de fotos compro para estudiar fotograf\u00eda?<\/h1>\t\t\t\t<\/div>\n\t\t\t\t<\/div>\n\t\t\t\t\t<\/div>\n\t\t<\/div>\n\t\t\t\t\t<\/div>\n\t\t<\/section>\n\t\t\t\t<section class=\"elementor-section elementor-top-section elementor-element elementor-element-d5e1bca elementor-section-boxed elementor-section-height-default elementor-section-height-default\" data-id=\"d5e1bca\" data-element_type=\"section\" data-e-type=\"section\">\n\t\t\t\t\t\t<div class=\"elementor-container elementor-column-gap-default\">\n\t\t\t\t\t<div class=\"elementor-column elementor-col-50 elementor-top-column elementor-element elementor-element-a7c2fd9\" data-id=\"a7c2fd9\" data-element_type=\"column\" data-e-type=\"column\">\n\t\t\t<div class=\"elementor-widget-wrap elementor-element-populated\">\n\t\t\t\t\t\t<div class=\"elementor-element elementor-element-7dda6dc elementor-widget elementor-widget-image\" data-id=\"7dda6dc\" data-element_type=\"widget\" data-e-type=\"widget\" data-widget_type=\"image.default\">\n\t\t\t\t<div class=\"elementor-widget-container\">\n\t\t\t\t\t\t\t\t\t\t\t\t\t\t\t<img fetchpriority=\"high\" decoding=\"async\" width=\"768\" height=\"1152\" src=\"https:\/\/aquelarre.edu.uy\/cms\/wp-content\/uploads\/2023\/01\/maximalfocus-rmkDKBxzU-8-unsplash-768x1152.jpg\" class=\"attachment-medium_large size-medium_large wp-image-6115\" alt=\"aquelarre escuela de fotograf\u00eda, curso de fotograf\u00eda, escuela de fotograf\u00eda, qu\u00e9 c\u00e1mara fotogr\u00e1fica compro para estudiar fotograf\u00eda\" srcset=\"https:\/\/aquelarre.edu.uy\/cms\/wp-content\/uploads\/2023\/01\/maximalfocus-rmkDKBxzU-8-unsplash-768x1152.jpg 768w, https:\/\/aquelarre.edu.uy\/cms\/wp-content\/uploads\/2023\/01\/maximalfocus-rmkDKBxzU-8-unsplash-200x300.jpg 200w, https:\/\/aquelarre.edu.uy\/cms\/wp-content\/uploads\/2023\/01\/maximalfocus-rmkDKBxzU-8-unsplash-683x1024.jpg 683w, https:\/\/aquelarre.edu.uy\/cms\/wp-content\/uploads\/2023\/01\/maximalfocus-rmkDKBxzU-8-unsplash-1024x1536.jpg 1024w, https:\/\/aquelarre.edu.uy\/cms\/wp-content\/uploads\/2023\/01\/maximalfocus-rmkDKBxzU-8-unsplash-1365x2048.jpg 1365w, https:\/\/aquelarre.edu.uy\/cms\/wp-content\/uploads\/2023\/01\/maximalfocus-rmkDKBxzU-8-unsplash-scaled.jpg 1707w\" sizes=\"(max-width: 768px) 100vw, 768px\" \/>\t\t\t\t\t\t\t\t\t\t\t\t\t\t\t<\/div>\n\t\t\t\t<\/div>\n\t\t\t\t\t<\/div>\n\t\t<\/div>\n\t\t\t\t<div class=\"elementor-column elementor-col-50 elementor-top-column elementor-element elementor-element-034c47d\" data-id=\"034c47d\" data-element_type=\"column\" data-e-type=\"column\">\n\t\t\t<div class=\"elementor-widget-wrap elementor-element-populated\">\n\t\t\t\t\t\t<div class=\"elementor-element elementor-element-196df16 elementor-widget elementor-widget-text-editor\" data-id=\"196df16\" data-element_type=\"widget\" data-e-type=\"widget\" data-widget_type=\"text-editor.default\">\n\t\t\t\t<div class=\"elementor-widget-container\">\n\t\t\t\t\t\t\t\t\t<h2><strong>\u00bfQu\u00e9 c\u00e1mara fotogr\u00e1fica compro para estudiar fotograf\u00eda?<\/strong><\/h2><p><br \/>Esta es una pregunta que nos hacemos muchas veces a la hora de anotarnos a estudiar fotograf\u00eda, ya que no tenemos conocimiento sobre qu\u00e9 es lo mejor para nuestro aprendizaje.<br \/>Tienes que tener en claro a d\u00f3nde est\u00e1s apuntando y cu\u00e1nto puedes invertir en un equipo fotogr\u00e1fico. Partimos de la base que est\u00e1s queriendo aprender fotograf\u00eda en serio, por lo que vas a apuntar a una c\u00e1mara que permita tomar tus fotos en formato RAW, para as\u00ed poder editarlas de manera profesional. Entonces vas a apuntar a c\u00e1maras que te van a permitan tomar tus fotograf\u00edas en modo manual (M), o sea que t\u00fa vas a poder controlar las variables.<\/p><h4><strong>Tipos de c\u00e1maras fotogr\u00e1ficas<\/strong><\/h4><p>En estas c\u00e1maras vamos a ver qu\u00e9 se diferencian por el tama\u00f1o de su sensor: APS-C y Full Frame; y luego reunimos en una sola categor\u00eda las que su sensor es de menor tama\u00f1o que las APS-C.<\/p><p>Estas \u00faltimas no es lo m\u00e1s recomendable, ya que su sensor es relativamente peque\u00f1o. Su \u00f3ptica no es intercambiable, y hay ciertos modelos que solo te permitir\u00e1n guardar tus fotos en JPG, lo que te va a limitar mucho al momento de la edici\u00f3n (en caso que quieras editar&#8230;). Hay algunos modelos que permiten en guardado RAW y lo bueno es que son econ\u00f3micas.<\/p><p>Entre las APS-C y Full Frame vamos a encontrar las c\u00e1mara tipo DSLR y Mirrorless. La diferencia entre estas es que las DSLR tiene un sistema r\u00e9flex (que ya est\u00e1 comenzando a quedar antiguo) y las Mirrorless no tienen este sistema, lo que le da varias ventajas por sobre las DSLR.<\/p><h4><strong>Hablemos de las c\u00e1maras fotogr\u00e1ficas APS-C<\/strong><\/h4><p>Est\u00e1s c\u00e1maras son la mejor opci\u00f3n si quieres comenzar en la fotograf\u00eda, pero ten en cuenta que si te sigues formando, tarde o temprano te va a quedar chica.<br \/>Son relativamente econ\u00f3micas, con objetivo intercambiable y nos va a permitir tomar nuestras fotograf\u00edas tanto en formato JPG como RAW.<br \/>Entre estas c\u00e1maras vamos a tener las de gama baja y gama media. La diferencia entre estas es, en rasgos generales, la calidad del sensor y los componentes con los que est\u00e1 hecho el armaz\u00f3n.<\/p><p><strong>Los modelos recomendados son:<\/strong><\/p><ul><li>Nikon D3500, Nikon D5600, Nikon D7500, Nikon D7500<span style=\"color: var( --e-global-color-text ); font-family: var( --e-global-typography-text-font-family ), Sans-serif; font-weight: var( --e-global-typography-text-font-weight ); font-size: 1rem;\">,\u00a0<\/span><span style=\"color: var( --e-global-color-text ); font-family: var( --e-global-typography-text-font-family ), Sans-serif; font-weight: var( --e-global-typography-text-font-weight ); font-size: 1rem;\">Nikon D500, Nikon Z50 Mirrorless, Nikon Zfc Mirrorless<\/span><\/li><li><span style=\"color: var( --e-global-color-text ); font-family: var( --e-global-typography-text-font-family ), Sans-serif; font-weight: var( --e-global-typography-text-font-weight ); font-size: 1rem;\"> Canon T7, Canon T8i, Canon 90D, Canon SL3, Canon M50 Mark II Mirrorless, Canon 7D, Canon EOS M6 Mark II, Canon R10 Mirrorless, <\/span><\/li><li><span style=\"color: var( --e-global-color-text ); font-family: var( --e-global-typography-text-font-family ), Sans-serif; font-weight: var( --e-global-typography-text-font-weight ); font-size: 1rem;\">Sony Alpha a6100 Mirrorless, Sony Alpha a6400 Mirrorless, Sony Alpha a6600 Mirrorless, Sony ZV-E10 Mirrorless<\/span><\/li><\/ul>\t\t\t\t\t\t\t\t<\/div>\n\t\t\t\t<\/div>\n\t\t\t\t<div class=\"elementor-element elementor-element-872c63e elementor-widget elementor-widget-html\" data-id=\"872c63e\" data-element_type=\"widget\" data-e-type=\"widget\" data-widget_type=\"html.default\">\n\t\t\t\t<div class=\"elementor-widget-container\">\n\t\t\t\t\t<script async src=\"https:\/\/pagead2.googlesyndication.com\/pagead\/js\/adsbygoogle.js?client=ca-pub-3032255340951991\"\n     crossorigin=\"anonymous\"><\/script>\n<!-- Horizontal 01 -->\n<ins class=\"adsbygoogle\"\n     style=\"display:block\"\n     data-ad-client=\"ca-pub-3032255340951991\"\n     data-ad-slot=\"7637796729\"\n     data-ad-format=\"auto\"\n     data-full-width-responsive=\"true\"><\/ins>\n<script>\n     (adsbygoogle = window.adsbygoogle || []).push({});\n<\/script>\t\t\t\t<\/div>\n\t\t\t\t<\/div>\n\t\t\t\t\t<\/div>\n\t\t<\/div>\n\t\t\t\t\t<\/div>\n\t\t<\/section>\n\t\t\t\t<section class=\"elementor-section elementor-top-section elementor-element elementor-element-fd915fa elementor-section-boxed elementor-section-height-default elementor-section-height-default\" data-id=\"fd915fa\" data-element_type=\"section\" data-e-type=\"section\">\n\t\t\t\t\t\t<div class=\"elementor-container elementor-column-gap-default\">\n\t\t\t\t\t<div class=\"elementor-column elementor-col-100 elementor-top-column elementor-element elementor-element-a067ce0\" data-id=\"a067ce0\" data-element_type=\"column\" data-e-type=\"column\">\n\t\t\t<div class=\"elementor-widget-wrap elementor-element-populated\">\n\t\t\t\t\t\t<div class=\"elementor-element elementor-element-e696ba3 elementor-widget elementor-widget-html\" data-id=\"e696ba3\" data-element_type=\"widget\" data-e-type=\"widget\" data-widget_type=\"html.default\">\n\t\t\t\t<div class=\"elementor-widget-container\">\n\t\t\t\t\t<script async src=\"https:\/\/pagead2.googlesyndication.com\/pagead\/js\/adsbygoogle.js?client=ca-pub-3032255340951991\"\n     crossorigin=\"anonymous\"><\/script>\n<!-- Horizontal 01 -->\n<ins class=\"adsbygoogle\"\n     style=\"display:block\"\n     data-ad-client=\"ca-pub-3032255340951991\"\n     data-ad-slot=\"7637796729\"\n     data-ad-format=\"auto\"\n     data-full-width-responsive=\"true\"><\/ins>\n<script>\n     (adsbygoogle = window.adsbygoogle || []).push({});\n<\/script>\t\t\t\t<\/div>\n\t\t\t\t<\/div>\n\t\t\t\t\t<\/div>\n\t\t<\/div>\n\t\t\t\t\t<\/div>\n\t\t<\/section>\n\t\t\t\t<section class=\"elementor-section elementor-top-section elementor-element elementor-element-32a5e8e elementor-section-boxed elementor-section-height-default elementor-section-height-default\" data-id=\"32a5e8e\" data-element_type=\"section\" data-e-type=\"section\">\n\t\t\t\t\t\t<div class=\"elementor-container elementor-column-gap-default\">\n\t\t\t\t\t<div class=\"elementor-column elementor-col-50 elementor-top-column elementor-element elementor-element-654e986\" data-id=\"654e986\" data-element_type=\"column\" data-e-type=\"column\">\n\t\t\t<div class=\"elementor-widget-wrap elementor-element-populated\">\n\t\t\t\t\t\t<div class=\"elementor-element elementor-element-f93dda4 elementor-widget elementor-widget-text-editor\" data-id=\"f93dda4\" data-element_type=\"widget\" data-e-type=\"widget\" data-widget_type=\"text-editor.default\">\n\t\t\t\t<div class=\"elementor-widget-container\">\n\t\t\t\t\t\t\t\t\t<h4><strong>Hablemos de las c\u00e1maras fotogr\u00e1ficas Full Frame<\/strong><\/h4><p>Son la opci\u00f3n ideal si te est\u00e1s planteando dedicarte a la fotograf\u00eda de forma profesional. Su tama\u00f1o de sensor te va a permitir fotograf\u00edas con mejor calidad y vas a poder tomar fotograf\u00edas con ISO m\u00e1s altos con menor ruido digital.<br \/>Tienen un costo m\u00e1s elevado, con objetivo intercambiable y nos va a permitir tomar nuestras fotograf\u00edas tanto en formato JPG como RAW.<br \/>Tiene muchos botones personalizables, para acceder a funciones de manera m\u00e1s r\u00e1pida y \u00e1gil.<\/p><p><strong>Los modelos recomendados son:<\/strong><\/p><ul><li>Nikon Z6 II Mirrorless, Nikon Z7 II Mirrorless, Nikon D750, Nikon D780, Nikon D850, Nikon D6, Nikon D610<\/li><li>Canon EOS R5 Mirrorless, Canon EOS R6 Mirrorless, Canon EOS 1D X Mark III, Canon EOS 5D Mark IV, Canon EOS 6D Mark II, Canon EOS-1D X Mark III<\/li><li>Sony Alpha a7 III Mirrorless, Sony Alpha a7R V Mirrorless, Sony Alpha a7 IV Mirrorless<\/li><\/ul><p>Esperamos que te haya servido para orientarte un poco m\u00e1s en el tema de las c\u00e1maras fotogr\u00e1ficas.<br \/>Igualmente ten en cuenta que\u00a0<strong>la c\u00e1mara no hace al fot\u00f3grafo<\/strong>, sino que el fot\u00f3grafo hace a la c\u00e1mara. Esta es una herramienta que tenemos que aprender a usarla para sacarle el mayor provecho.<br \/>Para comparar el precio de los equipos de tu pa\u00eds respecto a uno nuevo de Nueva York entra en el <a href=\"https:\/\/www.bhphotovideo.com\/\" target=\"_blank\" rel=\"noopener\">siguiente enlace<\/a>.<\/p>\t\t\t\t\t\t\t\t<\/div>\n\t\t\t\t<\/div>\n\t\t\t\t<div class=\"elementor-element elementor-element-66e0455 elementor-widget elementor-widget-html\" data-id=\"66e0455\" data-element_type=\"widget\" data-e-type=\"widget\" data-widget_type=\"html.default\">\n\t\t\t\t<div class=\"elementor-widget-container\">\n\t\t\t\t\t<script async src=\"https:\/\/pagead2.googlesyndication.com\/pagead\/js\/adsbygoogle.js?client=ca-pub-3032255340951991\"\n     crossorigin=\"anonymous\"><\/script>\n<!-- Horizontal 01 -->\n<ins class=\"adsbygoogle\"\n     style=\"display:block\"\n     data-ad-client=\"ca-pub-3032255340951991\"\n     data-ad-slot=\"7637796729\"\n     data-ad-format=\"auto\"\n     data-full-width-responsive=\"true\"><\/ins>\n<script>\n     (adsbygoogle = window.adsbygoogle || []).push({});\n<\/script>\t\t\t\t<\/div>\n\t\t\t\t<\/div>\n\t\t\t\t\t<\/div>\n\t\t<\/div>\n\t\t\t\t<div class=\"elementor-column elementor-col-50 elementor-top-column elementor-element elementor-element-a249e03\" data-id=\"a249e03\" data-element_type=\"column\" data-e-type=\"column\">\n\t\t\t<div class=\"elementor-widget-wrap elementor-element-populated\">\n\t\t\t\t\t\t<div class=\"elementor-element elementor-element-d1a954c elementor-widget elementor-widget-image\" data-id=\"d1a954c\" data-element_type=\"widget\" data-e-type=\"widget\" data-widget_type=\"image.default\">\n\t\t\t\t<div class=\"elementor-widget-container\">\n\t\t\t\t\t\t\t\t\t\t\t\t\t\t\t<img decoding=\"async\" width=\"768\" height=\"1152\" src=\"https:\/\/aquelarre.edu.uy\/cms\/wp-content\/uploads\/2023\/01\/john-noonan-otdBpgxHm2E-unsplash-768x1152.jpg\" class=\"attachment-medium_large size-medium_large wp-image-6114\" alt=\"aquelarre escuela de fotograf\u00eda, curso de fotograf\u00eda, escuela de fotograf\u00eda, qu\u00e9 c\u00e1mara fotogr\u00e1fica compro para estudiar fotograf\u00eda\" srcset=\"https:\/\/aquelarre.edu.uy\/cms\/wp-content\/uploads\/2023\/01\/john-noonan-otdBpgxHm2E-unsplash-768x1152.jpg 768w, https:\/\/aquelarre.edu.uy\/cms\/wp-content\/uploads\/2023\/01\/john-noonan-otdBpgxHm2E-unsplash-200x300.jpg 200w, https:\/\/aquelarre.edu.uy\/cms\/wp-content\/uploads\/2023\/01\/john-noonan-otdBpgxHm2E-unsplash-683x1024.jpg 683w, https:\/\/aquelarre.edu.uy\/cms\/wp-content\/uploads\/2023\/01\/john-noonan-otdBpgxHm2E-unsplash-1024x1536.jpg 1024w, https:\/\/aquelarre.edu.uy\/cms\/wp-content\/uploads\/2023\/01\/john-noonan-otdBpgxHm2E-unsplash-1365x2048.jpg 1365w, https:\/\/aquelarre.edu.uy\/cms\/wp-content\/uploads\/2023\/01\/john-noonan-otdBpgxHm2E-unsplash-scaled.jpg 1707w\" sizes=\"(max-width: 768px) 100vw, 768px\" \/>\t\t\t\t\t\t\t\t\t\t\t\t\t\t\t<\/div>\n\t\t\t\t<\/div>\n\t\t\t\t<div class=\"elementor-element elementor-element-1dcfae6 elementor-widget elementor-widget-html\" data-id=\"1dcfae6\" data-element_type=\"widget\" data-e-type=\"widget\" data-widget_type=\"html.default\">\n\t\t\t\t<div class=\"elementor-widget-container\">\n\t\t\t\t\t<script async src=\"https:\/\/pagead2.googlesyndication.com\/pagead\/js\/adsbygoogle.js?client=ca-pub-3032255340951991\"\n     crossorigin=\"anonymous\"><\/script>\n<!-- Horizontal 01 -->\n<ins class=\"adsbygoogle\"\n     style=\"display:block\"\n     data-ad-client=\"ca-pub-3032255340951991\"\n     data-ad-slot=\"7637796729\"\n     data-ad-format=\"auto\"\n     data-full-width-responsive=\"true\"><\/ins>\n<script>\n     (adsbygoogle = window.adsbygoogle || []).push({});\n<\/script>\t\t\t\t<\/div>\n\t\t\t\t<\/div>\n\t\t\t\t\t<\/div>\n\t\t<\/div>\n\t\t\t\t\t<\/div>\n\t\t<\/section>\n\t\t\t\t<section class=\"elementor-section elementor-top-section elementor-element elementor-element-1a845c4 elementor-section-boxed elementor-section-height-default elementor-section-height-default\" data-id=\"1a845c4\" data-element_type=\"section\" data-e-type=\"section\">\n\t\t\t\t\t\t<div class=\"elementor-container elementor-column-gap-default\">\n\t\t\t\t\t<div class=\"elementor-column elementor-col-100 elementor-top-column elementor-element elementor-element-f11b9f9\" data-id=\"f11b9f9\" data-element_type=\"column\" data-e-type=\"column\">\n\t\t\t<div class=\"elementor-widget-wrap elementor-element-populated\">\n\t\t\t\t\t\t<div class=\"elementor-element elementor-element-eefc479 elementor-widget elementor-widget-heading\" data-id=\"eefc479\" data-element_type=\"widget\" data-e-type=\"widget\" data-widget_type=\"heading.default\">\n\t\t\t\t<div class=\"elementor-widget-container\">\n\t\t\t\t\t<h2 class=\"elementor-heading-title elementor-size-default\">Nuestro cursos de fotograf\u00eda<\/h2>\t\t\t\t<\/div>\n\t\t\t\t<\/div>\n\t\t\t\t\t<\/div>\n\t\t<\/div>\n\t\t\t\t\t<\/div>\n\t\t<\/section>\n\t\t\t\t<section class=\"elementor-section elementor-top-section elementor-element elementor-element-aeea4b2 elementor-section-boxed elementor-section-height-default elementor-section-height-default\" data-id=\"aeea4b2\" data-element_type=\"section\" data-e-type=\"section\">\n\t\t\t\t\t\t<div class=\"elementor-container elementor-column-gap-default\">\n\t\t\t\t\t<div class=\"elementor-column elementor-col-25 elementor-top-column elementor-element elementor-element-f38c996\" data-id=\"f38c996\" data-element_type=\"column\" data-e-type=\"column\">\n\t\t\t<div class=\"elementor-widget-wrap elementor-element-populated\">\n\t\t\t\t\t\t<div class=\"elementor-element elementor-element-153284e elementor-widget elementor-widget-image\" data-id=\"153284e\" data-element_type=\"widget\" data-e-type=\"widget\" data-widget_type=\"image.default\">\n\t\t\t\t<div class=\"elementor-widget-container\">\n\t\t\t\t\t\t\t\t\t\t\t\t\t\t\t\t<a href=\"https:\/\/aquelarre.edu.uy\/cms\/home\/cursos\/curso-de-fotografia\/\">\n\t\t\t\t\t\t\t<img decoding=\"async\" src=\"https:\/\/aquelarre.edu.uy\/cms\/wp-content\/uploads\/2023\/03\/Fotografia-2022.jpg\" title=\"\" alt=\"aquelarre escuela de fotograf\u00eda, curso de fotograf\u00eda, escuela de fotograf\u00eda, curso b\u00e1sico de fotograf\u00eda\" loading=\"lazy\" \/>\t\t\t\t\t\t\t\t<\/a>\n\t\t\t\t\t\t\t\t\t\t\t\t\t\t\t<\/div>\n\t\t\t\t<\/div>\n\t\t\t\t\t<\/div>\n\t\t<\/div>\n\t\t\t\t<div class=\"elementor-column elementor-col-25 elementor-top-column elementor-element elementor-element-c85d057\" data-id=\"c85d057\" data-element_type=\"column\" data-e-type=\"column\">\n\t\t\t<div class=\"elementor-widget-wrap elementor-element-populated\">\n\t\t\t\t\t\t<div class=\"elementor-element elementor-element-de4c522 elementor-widget elementor-widget-image\" data-id=\"de4c522\" data-element_type=\"widget\" data-e-type=\"widget\" data-widget_type=\"image.default\">\n\t\t\t\t<div class=\"elementor-widget-container\">\n\t\t\t\t\t\t\t\t\t\t\t\t\t\t\t\t<a href=\"http:\/\/aquelarre.edu.uy\/cms\/home\/cursos\/edicion-digital-integral\/\">\n\t\t\t\t\t\t\t<img decoding=\"async\" src=\"http:\/\/aquelarre.edu.uy\/cms\/wp-content\/uploads\/2022\/11\/Digital-2023.jpg\" title=\"\" alt=\"\" loading=\"lazy\" \/>\t\t\t\t\t\t\t\t<\/a>\n\t\t\t\t\t\t\t\t\t\t\t\t\t\t\t<\/div>\n\t\t\t\t<\/div>\n\t\t\t\t\t<\/div>\n\t\t<\/div>\n\t\t\t\t<div class=\"elementor-column elementor-col-25 elementor-top-column elementor-element elementor-element-f3ed265\" data-id=\"f3ed265\" data-element_type=\"column\" data-e-type=\"column\">\n\t\t\t<div class=\"elementor-widget-wrap elementor-element-populated\">\n\t\t\t\t\t\t<div class=\"elementor-element elementor-element-e4a30e1 elementor-widget elementor-widget-image\" data-id=\"e4a30e1\" data-element_type=\"widget\" data-e-type=\"widget\" data-widget_type=\"image.default\">\n\t\t\t\t<div class=\"elementor-widget-container\">\n\t\t\t\t\t\t\t\t\t\t\t\t\t\t\t\t<a href=\"http:\/\/aquelarre.edu.uy\/cms\/home\/cursos\/curso-de-iluminacion\/\">\n\t\t\t\t\t\t\t<img decoding=\"async\" src=\"http:\/\/aquelarre.edu.uy\/cms\/wp-content\/uploads\/2022\/11\/Iluminacion-2022.jpg\" title=\"\" alt=\"\" loading=\"lazy\" \/>\t\t\t\t\t\t\t\t<\/a>\n\t\t\t\t\t\t\t\t\t\t\t\t\t\t\t<\/div>\n\t\t\t\t<\/div>\n\t\t\t\t\t<\/div>\n\t\t<\/div>\n\t\t\t\t<div class=\"elementor-column elementor-col-25 elementor-top-column elementor-element elementor-element-21f8cae\" data-id=\"21f8cae\" data-element_type=\"column\" data-e-type=\"column\">\n\t\t\t<div class=\"elementor-widget-wrap elementor-element-populated\">\n\t\t\t\t\t\t<div class=\"elementor-element elementor-element-c86c080 elementor-widget elementor-widget-image\" data-id=\"c86c080\" data-element_type=\"widget\" data-e-type=\"widget\" data-widget_type=\"image.default\">\n\t\t\t\t<div class=\"elementor-widget-container\">\n\t\t\t\t\t\t\t\t\t\t\t\t\t\t\t\t<a href=\"http:\/\/aquelarre.edu.uy\/cms\/home\/cursos\/curso-reportaje-fotografico\/\">\n\t\t\t\t\t\t\t<img decoding=\"async\" src=\"http:\/\/aquelarre.edu.uy\/cms\/wp-content\/uploads\/2022\/11\/reportaje-fotografico-post-1.jpg\" title=\"\" alt=\"\" loading=\"lazy\" \/>\t\t\t\t\t\t\t\t<\/a>\n\t\t\t\t\t\t\t\t\t\t\t\t\t\t\t<\/div>\n\t\t\t\t<\/div>\n\t\t\t\t\t<\/div>\n\t\t<\/div>\n\t\t\t\t\t<\/div>\n\t\t<\/section>\n\t\t\t\t<section class=\"elementor-section elementor-top-section elementor-element elementor-element-e7b6a65 elementor-section-boxed elementor-section-height-default elementor-section-height-default\" data-id=\"e7b6a65\" data-element_type=\"section\" data-e-type=\"section\">\n\t\t\t\t\t\t<div class=\"elementor-container elementor-column-gap-default\">\n\t\t\t\t\t<div class=\"elementor-column elementor-col-100 elementor-top-column elementor-element elementor-element-3939dde\" data-id=\"3939dde\" data-element_type=\"column\" data-e-type=\"column\">\n\t\t\t<div class=\"elementor-widget-wrap elementor-element-populated\">\n\t\t\t\t\t\t<div class=\"elementor-element elementor-element-8918354 elementor-widget elementor-widget-html\" data-id=\"8918354\" data-element_type=\"widget\" data-e-type=\"widget\" data-widget_type=\"html.default\">\n\t\t\t\t<div class=\"elementor-widget-container\">\n\t\t\t\t\t<script async src=\"https:\/\/pagead2.googlesyndication.com\/pagead\/js\/adsbygoogle.js?client=ca-pub-3032255340951991\"\n     crossorigin=\"anonymous\"><\/script>\n<!-- Horizontal 01 -->\n<ins class=\"adsbygoogle\"\n     style=\"display:block\"\n     data-ad-client=\"ca-pub-3032255340951991\"\n     data-ad-slot=\"7637796729\"\n     data-ad-format=\"auto\"\n     data-full-width-responsive=\"true\"><\/ins>\n<script>\n     (adsbygoogle = window.adsbygoogle || []).push({});\n<\/script>\t\t\t\t<\/div>\n\t\t\t\t<\/div>\n\t\t\t\t\t<\/div>\n\t\t<\/div>\n\t\t\t\t\t<\/div>\n\t\t<\/section>\n\t\t\t\t<\/div>\n\t\t","protected":false},"excerpt":{"rendered":"<p>\u00bfQu\u00e9 c\u00e1mara de fotos compro para estudiar fotograf\u00eda? \u00bfQu\u00e9 c\u00e1mara fotogr\u00e1fica compro para estudiar fotograf\u00eda? Esta es una pregunta que nos hacemos muchas veces a la hora de anotarnos a estudiar fotograf\u00eda, ya que no tenemos conocimiento sobre qu\u00e9 es lo mejor para nuestro aprendizaje. Tienes que tener en claro a d\u00f3nde est\u00e1s apuntando y [&hellip;]<\/p>\n","protected":false},"author":5,"featured_media":6115,"comment_status":"closed","ping_status":"open","sticky":false,"template":"","format":"standard","meta":{"_joinchat":[],"footnotes":""},"categories":[37],"tags":[42,40,41,46,45],"class_list":["post-2652","post","type-post","status-publish","format-standard","has-post-thumbnail","hentry","category-blog-de-fotografia","tag-aqueblog","tag-aquelarre-escuela-de-fotografia","tag-blog-de-fotografia","tag-que-camara-de-fotos-comprar","tag-que-camara-fotografica-compro-para-estudiar-fotografia"],"yoast_head":"<!-- This site is optimized with the Yoast SEO plugin v27.4 - https:\/\/yoast.com\/product\/yoast-seo-wordpress\/ -->\n<title>\u00bfQu\u00e9 c\u00e1mara fotogr\u00e1fica compro para estudiar fotograf\u00eda?<\/title>\n<meta name=\"description\" content=\"Qu\u00e9 c\u00e1mara fotogr\u00e1fica compro para estudiar fotograf\u00eda, es una gu\u00eda para que compres el mejor equipo sabiendo a donde apuntas.\" \/>\n<meta name=\"robots\" content=\"index, follow, max-snippet:-1, max-image-preview:large, max-video-preview:-1\" \/>\n<link rel=\"canonical\" href=\"https:\/\/aquelarre.edu.uy\/cms\/2020\/07\/20\/que-camara-fotografica-compro-para-estudiar-fotografia\/\" \/>\n<meta property=\"og:locale\" content=\"es_ES\" \/>\n<meta property=\"og:type\" content=\"article\" \/>\n<meta property=\"og:title\" content=\"\u00bfQu\u00e9 c\u00e1mara fotogr\u00e1fica compro para estudiar fotograf\u00eda?\" \/>\n<meta property=\"og:description\" content=\"Qu\u00e9 c\u00e1mara fotogr\u00e1fica compro para estudiar fotograf\u00eda, es una gu\u00eda para que compres el mejor equipo sabiendo a donde apuntas.\" \/>\n<meta property=\"og:url\" content=\"https:\/\/aquelarre.edu.uy\/cms\/2020\/07\/20\/que-camara-fotografica-compro-para-estudiar-fotografia\/\" \/>\n<meta property=\"og:site_name\" content=\"Aquelarre escuela de Fotograf\u00eda\" \/>\n<meta property=\"article:publisher\" content=\"https:\/\/www.facebook.com\/AQUELARREfotografias\/\" \/>\n<meta property=\"article:published_time\" content=\"2020-07-20T05:13:40+00:00\" \/>\n<meta property=\"article:modified_time\" content=\"2023-10-23T20:48:27+00:00\" \/>\n<meta property=\"og:image\" content=\"https:\/\/aquelarre.edu.uy\/cms\/wp-content\/uploads\/2023\/01\/maximalfocus-rmkDKBxzU-8-unsplash-scaled.jpg\" \/>\n\t<meta property=\"og:image:width\" content=\"1707\" \/>\n\t<meta property=\"og:image:height\" content=\"2560\" \/>\n\t<meta property=\"og:image:type\" content=\"image\/jpeg\" \/>\n<meta name=\"author\" content=\"Rafael Sanz\" \/>\n<meta name=\"twitter:card\" content=\"summary_large_image\" \/>\n<meta name=\"twitter:creator\" content=\"@aquelarre_uy\" \/>\n<meta name=\"twitter:site\" content=\"@aquelarre_uy\" \/>\n<meta name=\"twitter:label1\" content=\"Escrito por\" \/>\n\t<meta name=\"twitter:data1\" content=\"Rafael Sanz\" \/>\n\t<meta name=\"twitter:label2\" content=\"Tiempo de lectura\" \/>\n\t<meta name=\"twitter:data2\" content=\"5 minutos\" \/>\n<script type=\"application\/ld+json\" class=\"yoast-schema-graph\">{\"@context\":\"https:\\\/\\\/schema.org\",\"@graph\":[{\"@type\":\"Article\",\"@id\":\"https:\\\/\\\/aquelarre.edu.uy\\\/cms\\\/2020\\\/07\\\/20\\\/que-camara-fotografica-compro-para-estudiar-fotografia\\\/#article\",\"isPartOf\":{\"@id\":\"https:\\\/\\\/aquelarre.edu.uy\\\/cms\\\/2020\\\/07\\\/20\\\/que-camara-fotografica-compro-para-estudiar-fotografia\\\/\"},\"author\":{\"name\":\"Rafael Sanz\",\"@id\":\"https:\\\/\\\/aquelarre.edu.uy\\\/cms\\\/#\\\/schema\\\/person\\\/655b7f7b8ab22c2b86e3565727834f4e\"},\"headline\":\"\u00bfQUE C\u00c1MARA DE FOTOS COMPRAR?\",\"datePublished\":\"2020-07-20T05:13:40+00:00\",\"dateModified\":\"2023-10-23T20:48:27+00:00\",\"mainEntityOfPage\":{\"@id\":\"https:\\\/\\\/aquelarre.edu.uy\\\/cms\\\/2020\\\/07\\\/20\\\/que-camara-fotografica-compro-para-estudiar-fotografia\\\/\"},\"wordCount\":725,\"publisher\":{\"@id\":\"https:\\\/\\\/aquelarre.edu.uy\\\/cms\\\/#organization\"},\"image\":{\"@id\":\"https:\\\/\\\/aquelarre.edu.uy\\\/cms\\\/2020\\\/07\\\/20\\\/que-camara-fotografica-compro-para-estudiar-fotografia\\\/#primaryimage\"},\"thumbnailUrl\":\"https:\\\/\\\/aquelarre.edu.uy\\\/cms\\\/wp-content\\\/uploads\\\/2023\\\/01\\\/maximalfocus-rmkDKBxzU-8-unsplash-scaled.jpg\",\"keywords\":[\"aqueblog\",\"aquelarre escuela de fotograf\u00eda\",\"blog de fotograf\u00eda\",\"QUE C\u00c1MARA DE FOTOS COMPRAR\",\"Qu\u00e9 c\u00e1mara fotogr\u00e1fica compro para estudiar fotograf\u00eda\"],\"articleSection\":[\"blog de fotograf\u00eda\"],\"inLanguage\":\"es\"},{\"@type\":\"WebPage\",\"@id\":\"https:\\\/\\\/aquelarre.edu.uy\\\/cms\\\/2020\\\/07\\\/20\\\/que-camara-fotografica-compro-para-estudiar-fotografia\\\/\",\"url\":\"https:\\\/\\\/aquelarre.edu.uy\\\/cms\\\/2020\\\/07\\\/20\\\/que-camara-fotografica-compro-para-estudiar-fotografia\\\/\",\"name\":\"\u00bfQu\u00e9 c\u00e1mara fotogr\u00e1fica compro para estudiar fotograf\u00eda?\",\"isPartOf\":{\"@id\":\"https:\\\/\\\/aquelarre.edu.uy\\\/cms\\\/#website\"},\"primaryImageOfPage\":{\"@id\":\"https:\\\/\\\/aquelarre.edu.uy\\\/cms\\\/2020\\\/07\\\/20\\\/que-camara-fotografica-compro-para-estudiar-fotografia\\\/#primaryimage\"},\"image\":{\"@id\":\"https:\\\/\\\/aquelarre.edu.uy\\\/cms\\\/2020\\\/07\\\/20\\\/que-camara-fotografica-compro-para-estudiar-fotografia\\\/#primaryimage\"},\"thumbnailUrl\":\"https:\\\/\\\/aquelarre.edu.uy\\\/cms\\\/wp-content\\\/uploads\\\/2023\\\/01\\\/maximalfocus-rmkDKBxzU-8-unsplash-scaled.jpg\",\"datePublished\":\"2020-07-20T05:13:40+00:00\",\"dateModified\":\"2023-10-23T20:48:27+00:00\",\"description\":\"Qu\u00e9 c\u00e1mara fotogr\u00e1fica compro para estudiar fotograf\u00eda, es una gu\u00eda para que compres el mejor equipo sabiendo a donde apuntas.\",\"breadcrumb\":{\"@id\":\"https:\\\/\\\/aquelarre.edu.uy\\\/cms\\\/2020\\\/07\\\/20\\\/que-camara-fotografica-compro-para-estudiar-fotografia\\\/#breadcrumb\"},\"inLanguage\":\"es\",\"potentialAction\":[{\"@type\":\"ReadAction\",\"target\":[\"https:\\\/\\\/aquelarre.edu.uy\\\/cms\\\/2020\\\/07\\\/20\\\/que-camara-fotografica-compro-para-estudiar-fotografia\\\/\"]}]},{\"@type\":\"ImageObject\",\"inLanguage\":\"es\",\"@id\":\"https:\\\/\\\/aquelarre.edu.uy\\\/cms\\\/2020\\\/07\\\/20\\\/que-camara-fotografica-compro-para-estudiar-fotografia\\\/#primaryimage\",\"url\":\"https:\\\/\\\/aquelarre.edu.uy\\\/cms\\\/wp-content\\\/uploads\\\/2023\\\/01\\\/maximalfocus-rmkDKBxzU-8-unsplash-scaled.jpg\",\"contentUrl\":\"https:\\\/\\\/aquelarre.edu.uy\\\/cms\\\/wp-content\\\/uploads\\\/2023\\\/01\\\/maximalfocus-rmkDKBxzU-8-unsplash-scaled.jpg\",\"width\":1707,\"height\":2560,\"caption\":\"aquelarre escuela de fotograf\u00eda, curso de fotograf\u00eda, escuela de fotograf\u00eda, qu\u00e9 c\u00e1mara fotogr\u00e1fica compro para estudiar fotograf\u00eda\"},{\"@type\":\"BreadcrumbList\",\"@id\":\"https:\\\/\\\/aquelarre.edu.uy\\\/cms\\\/2020\\\/07\\\/20\\\/que-camara-fotografica-compro-para-estudiar-fotografia\\\/#breadcrumb\",\"itemListElement\":[{\"@type\":\"ListItem\",\"position\":1,\"name\":\"HOME\",\"item\":\"https:\\\/\\\/aquelarre.edu.uy\\\/cms\\\/\"},{\"@type\":\"ListItem\",\"position\":2,\"name\":\"BLOG de FOTOGRAF\u00cdA\",\"item\":\"https:\\\/\\\/aquelarre.edu.uy\\\/cms\\\/home\\\/blog-de-fotografia\\\/\"},{\"@type\":\"ListItem\",\"position\":3,\"name\":\"\u00bfQUE C\u00c1MARA DE FOTOS COMPRAR?\"}]},{\"@type\":\"WebSite\",\"@id\":\"https:\\\/\\\/aquelarre.edu.uy\\\/cms\\\/#website\",\"url\":\"https:\\\/\\\/aquelarre.edu.uy\\\/cms\\\/\",\"name\":\"Aquelarre escuela de Fotograf\u00eda\",\"description\":\"Escuela de fotograf\u00eda\",\"publisher\":{\"@id\":\"https:\\\/\\\/aquelarre.edu.uy\\\/cms\\\/#organization\"},\"potentialAction\":[{\"@type\":\"SearchAction\",\"target\":{\"@type\":\"EntryPoint\",\"urlTemplate\":\"https:\\\/\\\/aquelarre.edu.uy\\\/cms\\\/?s={search_term_string}\"},\"query-input\":{\"@type\":\"PropertyValueSpecification\",\"valueRequired\":true,\"valueName\":\"search_term_string\"}}],\"inLanguage\":\"es\"},{\"@type\":\"Organization\",\"@id\":\"https:\\\/\\\/aquelarre.edu.uy\\\/cms\\\/#organization\",\"name\":\"Aquelarre escuela de Fotograf\u00eda\",\"url\":\"https:\\\/\\\/aquelarre.edu.uy\\\/cms\\\/\",\"logo\":{\"@type\":\"ImageObject\",\"inLanguage\":\"es\",\"@id\":\"https:\\\/\\\/aquelarre.edu.uy\\\/cms\\\/#\\\/schema\\\/logo\\\/image\\\/\",\"url\":\"https:\\\/\\\/aquelarre.edu.uy\\\/cms\\\/wp-content\\\/uploads\\\/2022\\\/04\\\/logo-aquelarre-trans.png\",\"contentUrl\":\"https:\\\/\\\/aquelarre.edu.uy\\\/cms\\\/wp-content\\\/uploads\\\/2022\\\/04\\\/logo-aquelarre-trans.png\",\"width\":4411,\"height\":1192,\"caption\":\"Aquelarre escuela de Fotograf\u00eda\"},\"image\":{\"@id\":\"https:\\\/\\\/aquelarre.edu.uy\\\/cms\\\/#\\\/schema\\\/logo\\\/image\\\/\"},\"sameAs\":[\"https:\\\/\\\/www.facebook.com\\\/AQUELARREfotografias\\\/\",\"https:\\\/\\\/x.com\\\/aquelarre_uy\",\"https:\\\/\\\/www.instagram.com\\\/aquelarre.uy\\\/\"]},{\"@type\":\"Person\",\"@id\":\"https:\\\/\\\/aquelarre.edu.uy\\\/cms\\\/#\\\/schema\\\/person\\\/655b7f7b8ab22c2b86e3565727834f4e\",\"name\":\"Rafael Sanz\",\"image\":{\"@type\":\"ImageObject\",\"inLanguage\":\"es\",\"@id\":\"https:\\\/\\\/secure.gravatar.com\\\/avatar\\\/cc7c9272f5f135acaa57cf6806c009f298d50d9f2e3f286940d944fbf8a49eee?s=96&d=mm&r=g\",\"url\":\"https:\\\/\\\/secure.gravatar.com\\\/avatar\\\/cc7c9272f5f135acaa57cf6806c009f298d50d9f2e3f286940d944fbf8a49eee?s=96&d=mm&r=g\",\"contentUrl\":\"https:\\\/\\\/secure.gravatar.com\\\/avatar\\\/cc7c9272f5f135acaa57cf6806c009f298d50d9f2e3f286940d944fbf8a49eee?s=96&d=mm&r=g\",\"caption\":\"Rafael Sanz\"},\"url\":\"https:\\\/\\\/aquelarre.edu.uy\\\/cms\\\/author\\\/nuevousuarioeduuy\\\/\"}]}<\/script>\n<!-- \/ Yoast SEO plugin. -->","yoast_head_json":{"title":"\u00bfQu\u00e9 c\u00e1mara fotogr\u00e1fica compro para estudiar fotograf\u00eda?","description":"Qu\u00e9 c\u00e1mara fotogr\u00e1fica compro para estudiar fotograf\u00eda, es una gu\u00eda para que compres el mejor equipo sabiendo a donde apuntas.","robots":{"index":"index","follow":"follow","max-snippet":"max-snippet:-1","max-image-preview":"max-image-preview:large","max-video-preview":"max-video-preview:-1"},"canonical":"https:\/\/aquelarre.edu.uy\/cms\/2020\/07\/20\/que-camara-fotografica-compro-para-estudiar-fotografia\/","og_locale":"es_ES","og_type":"article","og_title":"\u00bfQu\u00e9 c\u00e1mara fotogr\u00e1fica compro para estudiar fotograf\u00eda?","og_description":"Qu\u00e9 c\u00e1mara fotogr\u00e1fica compro para estudiar fotograf\u00eda, es una gu\u00eda para que compres el mejor equipo sabiendo a donde apuntas.","og_url":"https:\/\/aquelarre.edu.uy\/cms\/2020\/07\/20\/que-camara-fotografica-compro-para-estudiar-fotografia\/","og_site_name":"Aquelarre escuela de Fotograf\u00eda","article_publisher":"https:\/\/www.facebook.com\/AQUELARREfotografias\/","article_published_time":"2020-07-20T05:13:40+00:00","article_modified_time":"2023-10-23T20:48:27+00:00","og_image":[{"width":1707,"height":2560,"url":"https:\/\/aquelarre.edu.uy\/cms\/wp-content\/uploads\/2023\/01\/maximalfocus-rmkDKBxzU-8-unsplash-scaled.jpg","type":"image\/jpeg"}],"author":"Rafael Sanz","twitter_card":"summary_large_image","twitter_creator":"@aquelarre_uy","twitter_site":"@aquelarre_uy","twitter_misc":{"Escrito por":"Rafael Sanz","Tiempo de lectura":"5 minutos"},"schema":{"@context":"https:\/\/schema.org","@graph":[{"@type":"Article","@id":"https:\/\/aquelarre.edu.uy\/cms\/2020\/07\/20\/que-camara-fotografica-compro-para-estudiar-fotografia\/#article","isPartOf":{"@id":"https:\/\/aquelarre.edu.uy\/cms\/2020\/07\/20\/que-camara-fotografica-compro-para-estudiar-fotografia\/"},"author":{"name":"Rafael Sanz","@id":"https:\/\/aquelarre.edu.uy\/cms\/#\/schema\/person\/655b7f7b8ab22c2b86e3565727834f4e"},"headline":"\u00bfQUE C\u00c1MARA DE FOTOS COMPRAR?","datePublished":"2020-07-20T05:13:40+00:00","dateModified":"2023-10-23T20:48:27+00:00","mainEntityOfPage":{"@id":"https:\/\/aquelarre.edu.uy\/cms\/2020\/07\/20\/que-camara-fotografica-compro-para-estudiar-fotografia\/"},"wordCount":725,"publisher":{"@id":"https:\/\/aquelarre.edu.uy\/cms\/#organization"},"image":{"@id":"https:\/\/aquelarre.edu.uy\/cms\/2020\/07\/20\/que-camara-fotografica-compro-para-estudiar-fotografia\/#primaryimage"},"thumbnailUrl":"https:\/\/aquelarre.edu.uy\/cms\/wp-content\/uploads\/2023\/01\/maximalfocus-rmkDKBxzU-8-unsplash-scaled.jpg","keywords":["aqueblog","aquelarre escuela de fotograf\u00eda","blog de fotograf\u00eda","QUE C\u00c1MARA DE FOTOS COMPRAR","Qu\u00e9 c\u00e1mara fotogr\u00e1fica compro para estudiar fotograf\u00eda"],"articleSection":["blog de fotograf\u00eda"],"inLanguage":"es"},{"@type":"WebPage","@id":"https:\/\/aquelarre.edu.uy\/cms\/2020\/07\/20\/que-camara-fotografica-compro-para-estudiar-fotografia\/","url":"https:\/\/aquelarre.edu.uy\/cms\/2020\/07\/20\/que-camara-fotografica-compro-para-estudiar-fotografia\/","name":"\u00bfQu\u00e9 c\u00e1mara fotogr\u00e1fica compro para estudiar fotograf\u00eda?","isPartOf":{"@id":"https:\/\/aquelarre.edu.uy\/cms\/#website"},"primaryImageOfPage":{"@id":"https:\/\/aquelarre.edu.uy\/cms\/2020\/07\/20\/que-camara-fotografica-compro-para-estudiar-fotografia\/#primaryimage"},"image":{"@id":"https:\/\/aquelarre.edu.uy\/cms\/2020\/07\/20\/que-camara-fotografica-compro-para-estudiar-fotografia\/#primaryimage"},"thumbnailUrl":"https:\/\/aquelarre.edu.uy\/cms\/wp-content\/uploads\/2023\/01\/maximalfocus-rmkDKBxzU-8-unsplash-scaled.jpg","datePublished":"2020-07-20T05:13:40+00:00","dateModified":"2023-10-23T20:48:27+00:00","description":"Qu\u00e9 c\u00e1mara fotogr\u00e1fica compro para estudiar fotograf\u00eda, es una gu\u00eda para que compres el mejor equipo sabiendo a donde apuntas.","breadcrumb":{"@id":"https:\/\/aquelarre.edu.uy\/cms\/2020\/07\/20\/que-camara-fotografica-compro-para-estudiar-fotografia\/#breadcrumb"},"inLanguage":"es","potentialAction":[{"@type":"ReadAction","target":["https:\/\/aquelarre.edu.uy\/cms\/2020\/07\/20\/que-camara-fotografica-compro-para-estudiar-fotografia\/"]}]},{"@type":"ImageObject","inLanguage":"es","@id":"https:\/\/aquelarre.edu.uy\/cms\/2020\/07\/20\/que-camara-fotografica-compro-para-estudiar-fotografia\/#primaryimage","url":"https:\/\/aquelarre.edu.uy\/cms\/wp-content\/uploads\/2023\/01\/maximalfocus-rmkDKBxzU-8-unsplash-scaled.jpg","contentUrl":"https:\/\/aquelarre.edu.uy\/cms\/wp-content\/uploads\/2023\/01\/maximalfocus-rmkDKBxzU-8-unsplash-scaled.jpg","width":1707,"height":2560,"caption":"aquelarre escuela de fotograf\u00eda, curso de fotograf\u00eda, escuela de fotograf\u00eda, qu\u00e9 c\u00e1mara fotogr\u00e1fica compro para estudiar fotograf\u00eda"},{"@type":"BreadcrumbList","@id":"https:\/\/aquelarre.edu.uy\/cms\/2020\/07\/20\/que-camara-fotografica-compro-para-estudiar-fotografia\/#breadcrumb","itemListElement":[{"@type":"ListItem","position":1,"name":"HOME","item":"https:\/\/aquelarre.edu.uy\/cms\/"},{"@type":"ListItem","position":2,"name":"BLOG de FOTOGRAF\u00cdA","item":"https:\/\/aquelarre.edu.uy\/cms\/home\/blog-de-fotografia\/"},{"@type":"ListItem","position":3,"name":"\u00bfQUE C\u00c1MARA DE FOTOS COMPRAR?"}]},{"@type":"WebSite","@id":"https:\/\/aquelarre.edu.uy\/cms\/#website","url":"https:\/\/aquelarre.edu.uy\/cms\/","name":"Aquelarre escuela de Fotograf\u00eda","description":"Escuela de fotograf\u00eda","publisher":{"@id":"https:\/\/aquelarre.edu.uy\/cms\/#organization"},"potentialAction":[{"@type":"SearchAction","target":{"@type":"EntryPoint","urlTemplate":"https:\/\/aquelarre.edu.uy\/cms\/?s={search_term_string}"},"query-input":{"@type":"PropertyValueSpecification","valueRequired":true,"valueName":"search_term_string"}}],"inLanguage":"es"},{"@type":"Organization","@id":"https:\/\/aquelarre.edu.uy\/cms\/#organization","name":"Aquelarre escuela de Fotograf\u00eda","url":"https:\/\/aquelarre.edu.uy\/cms\/","logo":{"@type":"ImageObject","inLanguage":"es","@id":"https:\/\/aquelarre.edu.uy\/cms\/#\/schema\/logo\/image\/","url":"https:\/\/aquelarre.edu.uy\/cms\/wp-content\/uploads\/2022\/04\/logo-aquelarre-trans.png","contentUrl":"https:\/\/aquelarre.edu.uy\/cms\/wp-content\/uploads\/2022\/04\/logo-aquelarre-trans.png","width":4411,"height":1192,"caption":"Aquelarre escuela de Fotograf\u00eda"},"image":{"@id":"https:\/\/aquelarre.edu.uy\/cms\/#\/schema\/logo\/image\/"},"sameAs":["https:\/\/www.facebook.com\/AQUELARREfotografias\/","https:\/\/x.com\/aquelarre_uy","https:\/\/www.instagram.com\/aquelarre.uy\/"]},{"@type":"Person","@id":"https:\/\/aquelarre.edu.uy\/cms\/#\/schema\/person\/655b7f7b8ab22c2b86e3565727834f4e","name":"Rafael Sanz","image":{"@type":"ImageObject","inLanguage":"es","@id":"https:\/\/secure.gravatar.com\/avatar\/cc7c9272f5f135acaa57cf6806c009f298d50d9f2e3f286940d944fbf8a49eee?s=96&d=mm&r=g","url":"https:\/\/secure.gravatar.com\/avatar\/cc7c9272f5f135acaa57cf6806c009f298d50d9f2e3f286940d944fbf8a49eee?s=96&d=mm&r=g","contentUrl":"https:\/\/secure.gravatar.com\/avatar\/cc7c9272f5f135acaa57cf6806c009f298d50d9f2e3f286940d944fbf8a49eee?s=96&d=mm&r=g","caption":"Rafael Sanz"},"url":"https:\/\/aquelarre.edu.uy\/cms\/author\/nuevousuarioeduuy\/"}]}},"_links":{"self":[{"href":"https:\/\/aquelarre.edu.uy\/cms\/wp-json\/wp\/v2\/posts\/2652","targetHints":{"allow":["GET"]}}],"collection":[{"href":"https:\/\/aquelarre.edu.uy\/cms\/wp-json\/wp\/v2\/posts"}],"about":[{"href":"https:\/\/aquelarre.edu.uy\/cms\/wp-json\/wp\/v2\/types\/post"}],"author":[{"embeddable":true,"href":"https:\/\/aquelarre.edu.uy\/cms\/wp-json\/wp\/v2\/users\/5"}],"replies":[{"embeddable":true,"href":"https:\/\/aquelarre.edu.uy\/cms\/wp-json\/wp\/v2\/comments?post=2652"}],"version-history":[{"count":65,"href":"https:\/\/aquelarre.edu.uy\/cms\/wp-json\/wp\/v2\/posts\/2652\/revisions"}],"predecessor-version":[{"id":7361,"href":"https:\/\/aquelarre.edu.uy\/cms\/wp-json\/wp\/v2\/posts\/2652\/revisions\/7361"}],"wp:featuredmedia":[{"embeddable":true,"href":"https:\/\/aquelarre.edu.uy\/cms\/wp-json\/wp\/v2\/media\/6115"}],"wp:attachment":[{"href":"https:\/\/aquelarre.edu.uy\/cms\/wp-json\/wp\/v2\/media?parent=2652"}],"wp:term":[{"taxonomy":"category","embeddable":true,"href":"https:\/\/aquelarre.edu.uy\/cms\/wp-json\/wp\/v2\/categories?post=2652"},{"taxonomy":"post_tag","embeddable":true,"href":"https:\/\/aquelarre.edu.uy\/cms\/wp-json\/wp\/v2\/tags?post=2652"}],"curies":[{"name":"wp","href":"https:\/\/api.w.org\/{rel}","templated":true}]}}